{"id":1236,"date":"2022-08-30T10:50:25","date_gmt":"2022-08-30T10:50:25","guid":{"rendered":"https:\/\/www.apexclinic.com.tr\/?p=1236"},"modified":"2023-01-09T08:46:19","modified_gmt":"2023-01-09T08:46:19","slug":"sac-ekimi-fiyatlari-2022","status":"publish","type":"post","link":"https:\/\/www.apexclinic.com.tr\/fr\/fiche-tarifs-plantation-2022\/","title":{"rendered":"Prix de la greffe de cheveux 2023"},"content":{"rendered":"<p>Les applications de greffe de cheveux sont l&#039;une des proc\u00e9dures esth\u00e9tiques les plus populaires de ces derniers temps. Les op\u00e9rations de greffe de cheveux sont effectu\u00e9es apr\u00e8s une perte de cheveux g\u00e9n\u00e9tique ou induite par le stress. Les proc\u00e9dures r\u00e9gionales de perte de cheveux ou la greffe de cheveux sont effectu\u00e9es pour l&#039;ensemble des cheveux. La proc\u00e9dure est effectu\u00e9e en diff\u00e9rentes s\u00e9ances au fur et \u00e0 mesure des besoins de la personne. Les proc\u00e9dures de greffe de cheveux aident \u00e9galement les gens \u00e0 obtenir des r\u00e9sultats permanents. Imm\u00e9diatement apr\u00e8s la greffe de cheveux, la personne peut reprendre sa vie quotidienne l\u00e0 o\u00f9 elle l&#039;avait laiss\u00e9e.<\/p>\n\n\n\n<p>Pour la greffe de cheveux, l&#039;analyse est d&#039;abord effectu\u00e9e sur le cuir chevelu. L&#039;examen des cheveux et la d\u00e9termination du besoin pr\u00e9parent \u00e9galement les intervalles de s\u00e9ance de cette mani\u00e8re. Une autre chose qui est curieuse \u00e0 propos de cette application est <strong>tarifs greffe de cheveux 2023 <\/strong>connu comme. situ\u00e9 sur notre site <strong>tarifs greffe de cheveux 2022 <\/strong>les sections sont pr\u00e9par\u00e9es avec les options de prix en vigueur. A l&#039;issue de cette application, qui est d\u00e9termin\u00e9e en fonction des besoins de la personne, une information sur le prix est partag\u00e9e. Les personnes qui souhaitent obtenir des informations d\u00e9taill\u00e9es sur le prix et la transaction contactent notre soci\u00e9t\u00e9.<\/p>\n\n\n\n<h3 class=\"wp-block-heading\"><strong>\u00c0 qui s&#039;adressent les demandes de greffe de cheveux\u00a0?<\/strong><\/h3>\n\n\n\n<p>Les applications de greffe de cheveux sont g\u00e9n\u00e9ralement appliqu\u00e9es aux personnes qui ont des probl\u00e8mes de perte de cheveux ou de calvitie r\u00e9gionale. A la fin de l&#039;application, de nouveaux follicules pileux apparaissent dans les follicules pileux de la personne. Ces follicules pileux revitalis\u00e9s s&#039;allongent avec le temps et les probl\u00e8mes de calvitie r\u00e9gionale sont \u00e9limin\u00e9s. Ces proc\u00e9dures de greffe de cheveux, r\u00e9alis\u00e9es \u00e0 l&#039;aide de techniques de nouvelle g\u00e9n\u00e9ration, sont enti\u00e8rement pr\u00e9par\u00e9es en fonction des besoins et des souhaits de la personne. \u00c0 la fin de la proc\u00e9dure, les activit\u00e9s quotidiennes sont poursuivies. Les proc\u00e9dures de greffe de cheveux, l&#039;une des applications les plus populaires de la derni\u00e8re p\u00e9riode, donnent un aspect esth\u00e9tique \u00e0 la personne.<\/p>\n\n\n\n<h3 class=\"wp-block-heading\"><strong>Quels sont les avantages et les b\u00e9n\u00e9fices des proc\u00e9dures de greffe de cheveux ?<\/strong><\/h3>\n\n\n\n<p>\u00c0 la fin des proc\u00e9dures de greffe de cheveux, la personne re\u00e7oit des avantages diff\u00e9rents les uns des autres. Tout d&#039;abord, les zones ouvertes des cheveux commencent \u00e0 se refermer avec le temps. Dans le m\u00eame temps, de nouvelles cellules souches pileuses sont plac\u00e9es dans les follicules pileux inactifs du cuir chevelu. Pour cette raison, les follicules pileux commencent \u00e0 revivre et \u00e0 se d\u00e9velopper. Les cheveux qui poussent donnent en permanence un aspect esth\u00e9tique aux cheveux de la personne. Les proc\u00e9dures sont enti\u00e8rement adapt\u00e9es \u00e0 la personne. C&#039;est l&#039;un des meilleurs traitements de qualit\u00e9 montr\u00e9s pour le probl\u00e8me de la calvitie. Il est \u00e9galement possible d&#039;obtenir un r\u00e9sultat permanent \u00e0 la fin de l&#039;application.<\/p>\n\n\n\n<h3 class=\"wp-block-heading\"><strong>La greffe de cheveux est-elle une proc\u00e9dure permanente ?<\/strong><\/h3>\n\n\n\n<p>Les op\u00e9rations de greffe de cheveux sont appliqu\u00e9es pour remplacer les cheveux qui ont \u00e9t\u00e9 perdus au fil du temps. Ce proc\u00e9d\u00e9, qui convient aussi bien aux hommes qu&#039;aux femmes, donne un aspect diff\u00e9rent aux cheveux. C&#039;est l&#039;une des applications d\u00e9crites comme permanentes ces derniers temps. Il est possible d&#039;obtenir des r\u00e9sultats permanents en ayant une greffe de cheveux. Surtout apr\u00e8s le soin, les follicules pileux qui sont plac\u00e9s commencent \u00e0 se d\u00e9velopper et \u00e0 former de nouvelles racines au fil du temps. C&#039;est l&#039;une des m\u00e9thodes pr\u00e9f\u00e9r\u00e9es de nombreuses personnes qui veulent s&#039;\u00e9loigner de l&#039;apparence des cheveux sans vie.<\/p>\n\n\n\n<h3 class=\"wp-block-heading\"><strong>Prix de la greffe de cheveux 2023<\/strong><\/h3>\n\n\n\n<p>Les proc\u00e9dures de greffe de cheveux sont d\u00e9termin\u00e9es en fonction des besoins. Il existe \u00e9galement de nombreux sujets qui s&#039;int\u00e9ressent au prix. Nos clients <strong>tarifs greffe de cheveux <\/strong>et apprend des informations d\u00e9taill\u00e9es sur la transaction en communiquant. Dans le m\u00eame temps, notre entreprise est compl\u00e8tement \u00e0 jour. <strong>tarifs greffe de cheveux <\/strong>des offres. Toutes les transactions effectu\u00e9es avec notre entreprise, qui a fait preuve de succ\u00e8s dans la fourniture d&#039;un service professionnel, se poursuivent de mani\u00e8re qualitative. L&#039;application est enti\u00e8rement pr\u00e9par\u00e9e pour la personne. Pour cette raison, le service est fourni en fonction des besoins de la personne.<\/p>\n\n\n\n<h3 class=\"wp-block-heading\"><strong>Que faut-il consid\u00e9rer \u00e0 la fin des demandes de greffe de cheveux\u00a0?<\/strong><\/h3>\n\n\n\n<p>Parall\u00e8lement \u00e0 ces \u00e9tapes d&#039;application pr\u00e9par\u00e9es en fonction de la structure du cheveu, les personnes doivent \u00e9galement faire attention \u00e0 la derni\u00e8re \u00e9tape du traitement. Il est \u00e9galement tr\u00e8s important de prendre soin et de prot\u00e9ger le cuir chevelu, en particulier imm\u00e9diatement apr\u00e8s les applications de la session. \u00c0 la fin de cette proc\u00e9dure r\u00e9alis\u00e9e sous anesth\u00e9sie locale, la personne doit prot\u00e9ger le cuir chevelu du soleil et de la chaleur. L&#039;utilisation de produits naturels contenant des vitamines dans la greffe de cheveux est \u00e9galement d&#039;une grande importance pour le cuir chevelu.<\/p>\n\n\n\n<h3 class=\"wp-block-heading\"><strong>Comment se d\u00e9roule la greffe de cheveux ?<\/strong><\/h3>\n\n\n\n<p>Les op\u00e9rations de greffe de cheveux sont g\u00e9n\u00e9ralement r\u00e9alis\u00e9es en pr\u00e9parant des follicules pileux et en les pla\u00e7ant sur le cuir chevelu. Ces follicules pileux pr\u00e9par\u00e9s contiennent \u00e9galement diff\u00e9rentes vitamines. Gr\u00e2ce \u00e0 ces vitamines, de nouvelles formations de racines commencent au bas des cheveux. Ces applications sont pr\u00e9f\u00e9r\u00e9es afin d&#039;\u00e9liminer le probl\u00e8me de calvitie r\u00e9gionale des cheveux. De plus, le but de cette application est de fermer les lieux ouverts et sans vie dans un premier temps. De cette fa\u00e7on, les cheveux commencent \u00e0 se resserrer et l&#039;apparence devient plus volumineuse. L&#039;apparence des cheveux sans vie est \u00e9galement \u00e9limin\u00e9e de cette mani\u00e8re.<\/p>","protected":false},"excerpt":{"rendered":"<p>Sa\u00e7 ekim uygulamalar\u0131 son zamanlar\u0131n estetik anlamda en pop\u00fcler i\u015flemlerinden biridir. Sa\u00e7 ekim i\u015flemleri ki\u015filerin genetik ya da stres kaynakl\u0131 sa\u00e7 d\u00f6k\u00fclmelerinin ard\u0131ndan yap\u0131lmaktad\u0131r. B\u00f6lgesel sa\u00e7 d\u00f6k\u00fclme i\u015flemleri ya da sa\u00e7\u0131n tamam\u0131 i\u00e7in sa\u00e7 ekimi yap\u0131lmaktad\u0131r. \u0130\u015flem ki\u015finin ihtiya\u00e7 duydu\u011fu \u015fekilde ve miktarda farkl\u0131 seanslar haline yap\u0131lmaktad\u0131r. Yap\u0131lan sa\u00e7 ekim i\u015flemleri ki\u015filerin kal\u0131c\u0131 sonu\u00e7 almas\u0131na [&hellip;]<\/p>","protected":false},"author":3,"featured_media":1291,"comment_status":"closed","ping_status":"open","sticky":false,"template":"","format":"standard","meta":{"_lmt_disableupdate":"","_lmt_disable":"","_monsterinsights_skip_tracking":false,"_monsterinsights_sitenote_active":false,"_monsterinsights_sitenote_note":"","_monsterinsights_sitenote_category":0,"site-sidebar-layout":"default","site-content-layout":"","ast-site-content-layout":"","site-content-style":"default","site-sidebar-style":"default","ast-global-header-display":"","ast-banner-title-visibility":"","ast-main-header-display":"","ast-hfb-above-header-display":"","ast-hfb-below-header-display":"","ast-hfb-mobile-header-display":"","site-post-title":"","ast-breadcrumbs-content":"","ast-featured-img":"","footer-sml-layout":"","theme-transparent-header-meta":"","adv-header-id-meta":"","stick-header-meta":"","header-above-stick-meta":"","header-main-stick-meta":"","header-below-stick-meta":"","astra-migrate-meta-layouts":"default","ast-page-background-enabled":"default","ast-page-background-meta":{"desktop":{"background-color":"var(--ast-global-color-4)","background-image":"","background-repeat":"repeat","background-position":"center center","background-size":"auto","background-attachment":"scroll","background-type":"","background-media":"","overlay-type":"","overlay-color":"","overlay-opacity":"","overlay-gradient":""},"tablet":{"background-color":"","background-image":"","background-repeat":"repeat","background-position":"center center","background-size":"auto","background-attachment":"scroll","background-type":"","background-media":"","overlay-type":"","overlay-color":"","overlay-opacity":"","overlay-gradient":""},"mobile":{"background-color":"","background-image":"","background-repeat":"repeat","background-position":"center center","background-size":"auto","background-attachment":"scroll","background-type":"","background-media":"","overlay-type":"","overlay-color":"","overlay-opacity":"","overlay-gradient":""}},"ast-content-background-meta":{"desktop":{"background-color":"var(--ast-global-color-5)","background-image":"","background-repeat":"repeat","background-position":"center center","background-size":"auto","background-attachment":"scroll","background-type":"","background-media":"","overlay-type":"","overlay-color":"","overlay-opacity":"","overlay-gradient":""},"tablet":{"background-color":"var(--ast-global-color-5)","background-image":"","background-repeat":"repeat","background-position":"center center","background-size":"auto","background-attachment":"scroll","background-type":"","background-media":"","overlay-type":"","overlay-color":"","overlay-opacity":"","overlay-gradient":""},"mobile":{"background-color":"var(--ast-global-color-5)","background-image":"","background-repeat":"repeat","background-position":"center center","background-size":"auto","background-attachment":"scroll","background-type":"","background-media":"","overlay-type":"","overlay-color":"","overlay-opacity":"","overlay-gradient":""}},"_joinchat":[],"footnotes":""},"categories":[5],"tags":[],"class_list":["post-1236","post","type-post","status-publish","format-standard","has-post-thumbnail","hentry","category-sac-ekimi"],"modified_by":null,"_links":{"self":[{"href":"https:\/\/www.apexclinic.com.tr\/fr\/wp-json\/wp\/v2\/posts\/1236"}],"collection":[{"href":"https:\/\/www.apexclinic.com.tr\/fr\/wp-json\/wp\/v2\/posts"}],"about":[{"href":"https:\/\/www.apexclinic.com.tr\/fr\/wp-json\/wp\/v2\/types\/post"}],"author":[{"embeddable":true,"href":"https:\/\/www.apexclinic.com.tr\/fr\/wp-json\/wp\/v2\/users\/3"}],"replies":[{"embeddable":true,"href":"https:\/\/www.apexclinic.com.tr\/fr\/wp-json\/wp\/v2\/comments?post=1236"}],"version-history":[{"count":4,"href":"https:\/\/www.apexclinic.com.tr\/fr\/wp-json\/wp\/v2\/posts\/1236\/revisions"}],"predecessor-version":[{"id":3130,"href":"https:\/\/www.apexclinic.com.tr\/fr\/wp-json\/wp\/v2\/posts\/1236\/revisions\/3130"}],"wp:featuredmedia":[{"embeddable":true,"href":"https:\/\/www.apexclinic.com.tr\/fr\/wp-json\/wp\/v2\/media\/1291"}],"wp:attachment":[{"href":"https:\/\/www.apexclinic.com.tr\/fr\/wp-json\/wp\/v2\/media?parent=1236"}],"wp:term":[{"taxonomy":"category","embeddable":true,"href":"https:\/\/www.apexclinic.com.tr\/fr\/wp-json\/wp\/v2\/categories?post=1236"},{"taxonomy":"post_tag","embeddable":true,"href":"https:\/\/www.apexclinic.com.tr\/fr\/wp-json\/wp\/v2\/tags?post=1236"}],"curies":[{"name":"wp","href":"https:\/\/api.w.org\/{rel}","templated":true}]}}